{"id":706,"date":"2019-03-28T15:42:50","date_gmt":"2019-03-28T14:42:50","guid":{"rendered":"http:\/\/aifonline.net\/?p=706"},"modified":"2019-04-04T08:40:03","modified_gmt":"2019-04-04T06:40:03","slug":"le-revelateur","status":"publish","type":"post","link":"https:\/\/aifonline.net\/?p=706","title":{"rendered":"Le r\u00e9v\u00e9lateur par Marc Danzon"},"content":{"rendered":"<p>Ou le roman d&#8217;un enfant juif et toulousain d&#8217;apr\u00e8s-guerre, par Marc Danzon.<\/p>\n<p><img decoding=\"async\" loading=\"lazy\" class=\"alignleft wp-image-702 size-medium\" src=\"https:\/\/aifonline.net\/wp-content\/uploads\/2019\/03\/le_revelateur-188x300.jpg\" alt=\"\" width=\"188\" height=\"300\" srcset=\"https:\/\/aifonline.net\/wp-content\/uploads\/2019\/03\/le_revelateur-188x300.jpg 188w, https:\/\/aifonline.net\/wp-content\/uploads\/2019\/03\/le_revelateur.jpg 318w\" sizes=\"(max-width: 188px) 100vw, 188px\" \/>Pas toujours facile d\u2019\u00eatre un enfant de l\u2019apr\u00e8s-guerre ! Le narrateur de ce roman est un petit Toulousain n\u00e9 dans une famille bless\u00e9e par la d\u00e9portation.<br \/>\nSes parents sont juifs, mais surtout communistes, parce que le sort que l\u2019\u00c9ternel leur a r\u00e9serv\u00e9 les fait douter de leur appartenance au peuple \u00e9lu. Au fi l des chapitres, l\u2019enfant grandit. Les silences, les non-dits et les secrets des adultes le troublent, mais pas au point de lui faire perdre son humour et sa na\u00efve lucidit\u00e9.<br \/>\nL\u2019\u00e9cole primaire, puis le lyc\u00e9e Bellevue, lui permettent surtout de se faire des amis, des amours et des opinions.<br \/>\nLes photos se r\u00e9v\u00e8lent \u00eatre pour lui un terrain in\u00e9puisable de fouilles et font na\u00eetre sa vocation de reporter photographe. Avec sa s\u0153ur cadette, il scrute obstin\u00e9ment les clich\u00e9s de famille, jusqu\u2019\u00e0 tomber sur celui d\u2019une petite fille inconnue : un autre secret de famille qui le poursuivra pendant toute son adolescence.<\/p>\n<p><strong>L&#8217;auteur :<\/strong><br \/>\nMarc Danzon est n\u00e9 \u00e0 Toulouse peu apr\u00e8s la fi n de la guerre. Il obtient son dipl\u00f4me de m\u00e9decin puis de psychiatre. Son attrait pour la sant\u00e9 publique internationale le conduit \u00e0 l\u2019Organisation Mondiale de la Sant\u00e9, o\u00f9 il est \u00e9lu directeur de la zone europ\u00e9enne. Le r\u00e9v\u00e9lateur est son deuxi\u00e8me roman, apr\u00e8s Le cordon, publi\u00e9 en 2012 aux \u00e9ditions L\u2019Harmattan.<\/p>\n<p><strong>Le r\u00e9v\u00e9l\u00e9tateur<\/strong>, un roman de Marc Danzon, paru chez l&#8217;Harmattan<br \/>\nISBN : 978-2-343-01719-8<br \/>\nPrix : 19,50 \u20ac<br \/>\n206 pages<\/p>\n","protected":false},"excerpt":{"rendered":"<p>Ou le roman d&#8217;un enfant juif et toulousain d&#8217;apr\u00e8s-guerre, par Marc Danzon. Pas toujours facile d\u2019\u00eatre un enfant de l\u2019apr\u00e8s-guerre<\/p>\n","protected":false},"author":1,"featured_media":0,"comment_status":"open","ping_status":"open","sticky":false,"template":"","format":"standard","meta":{"_mi_skip_tracking":false,"_exactmetrics_sitenote_active":false,"_exactmetrics_sitenote_note":"","_exactmetrics_sitenote_category":0,"footnotes":""},"categories":[36],"tags":[35],"table_tags":[],"_links":{"self":[{"href":"https:\/\/aifonline.net\/index.php?rest_route=\/wp\/v2\/posts\/706"}],"collection":[{"href":"https:\/\/aifonline.net\/index.php?rest_route=\/wp\/v2\/posts"}],"about":[{"href":"https:\/\/aifonline.net\/index.php?rest_route=\/wp\/v2\/types\/post"}],"author":[{"embeddable":true,"href":"https:\/\/aifonline.net\/index.php?rest_route=\/wp\/v2\/users\/1"}],"replies":[{"embeddable":true,"href":"https:\/\/aifonline.net\/index.php?rest_route=%2Fwp%2Fv2%2Fcomments&post=706"}],"version-history":[{"count":3,"href":"https:\/\/aifonline.net\/index.php?rest_route=\/wp\/v2\/posts\/706\/revisions"}],"predecessor-version":[{"id":737,"href":"https:\/\/aifonline.net\/index.php?rest_route=\/wp\/v2\/posts\/706\/revisions\/737"}],"wp:attachment":[{"href":"https:\/\/aifonline.net\/index.php?rest_route=%2Fwp%2Fv2%2Fmedia&parent=706"}],"wp:term":[{"taxonomy":"category","embeddable":true,"href":"https:\/\/aifonline.net\/index.php?rest_route=%2Fwp%2Fv2%2Fcategories&post=706"},{"taxonomy":"post_tag","embeddable":true,"href":"https:\/\/aifonline.net\/index.php?rest_route=%2Fwp%2Fv2%2Ftags&post=706"},{"taxonomy":"table_tags","embeddable":true,"href":"https:\/\/aifonline.net\/index.php?rest_route=%2Fwp%2Fv2%2Ftable_tags&post=706"}],"curies":[{"name":"wp","href":"https:\/\/api.w.org\/{rel}","templated":true}]}}