{"id":708,"date":"2019-03-28T15:44:49","date_gmt":"2019-03-28T14:44:49","guid":{"rendered":"http:\/\/aifonline.net\/?p=708"},"modified":"2019-04-04T08:38:32","modified_gmt":"2019-04-04T06:38:32","slug":"le-cordon-memoires-familiales-de-la-shoah","status":"publish","type":"post","link":"https:\/\/aifonline.net\/?p=708","title":{"rendered":"Le Cordon, M\u00e9moires familiales de la Shoah par Marc Danzon"},"content":{"rendered":"<p><img decoding=\"async\" loading=\"lazy\" class=\"alignleft wp-image-703 size-medium\" src=\"https:\/\/aifonline.net\/wp-content\/uploads\/2019\/03\/9782296562998r-188x300.jpg\" alt=\"\" width=\"188\" height=\"300\" srcset=\"https:\/\/aifonline.net\/wp-content\/uploads\/2019\/03\/9782296562998r-188x300.jpg 188w, https:\/\/aifonline.net\/wp-content\/uploads\/2019\/03\/9782296562998r.jpg 282w\" sizes=\"(max-width: 188px) 100vw, 188px\" \/>Un morceau de ficelle retrouv\u00e9 par un incroyable concours de circonstances fait resurgir le souvenir de Dora et Jules d\u00e9port\u00e9s dans des conditions sordides le 19 juillet 1943. Ce matin-l\u00e0, Dora se r\u00e9veille tr\u00e8s t\u00f4t. Elle regarde Jules qui dort encore. Elle repense aux belles ann\u00e9es d\u2019avant la guerre. Elle regrette de ne pas avoir su profiter pleinement de la douceur de son existence pass\u00e9e, au milieu des siens. \u00c9va, leur fille cadette, \u00e9chappe par trois fois \u00e0 l\u2019arrestation. Apr\u00e8s la guerre, elle est press\u00e9e de se reconstruire et d\u2019oublier, mais sans pardon ni pour Dieu ni pour les bourreaux. Il lui faudra des ann\u00e9es et une petite-fille pour commencer \u00e0 parler et pour faire reconna\u00eetre une famille de Justes. L\u2019auteur, le petit-fils de Dora et Jules et le fils d\u2019\u00c9va, na\u00eetra quatre ans plus tard. Il fait partie de la reconstruction et du remplacement des morts. Le poids du silence p\u00e8sera sur ses \u00e9paules.<br \/>\nIl lui faudra longtemps pour comprendre ce qui s\u2019est pass\u00e9. Il trouvera dans ce pass\u00e9 des sources positives d\u2019engagement. Pr\u00e8s de 60 ans plus tard, le vestige retrouv\u00e9 donne un nouvel \u00e9clairage \u00e0 ce jour funeste. C\u2019est la clef de ce r\u00e9cit sobre et parfois m\u00eame humoristique.<\/p>\n<p>&nbsp;<\/p>\n<p><strong>L&#8217;auteur<\/strong><br \/>\nMarc Danzon est n\u00e9 \u00e0 Toulouse peu apr\u00e8s la fin de la guerre. Il obtient son dipl\u00f4me de m\u00e9decin puis de psychiatre. Son attrait pour la sant\u00e9 publique internationale le conduit \u00e0 l\u2019Organisation Mondiale de la Sant\u00e9, o\u00f9 il est \u00e9lu par deux fois directeur de la zone europ\u00e9enne. Mari\u00e9 et p\u00e8re de deux enfants, il profite de sa retraite pour retrouver ses racines et les transmettre par l\u2019\u00e9criture.<\/p>\n<p><strong>Extrait<\/strong><br \/>\n\u00ab Les arrestations se multipliaient parmi les porteurs de l\u2019\u00e9toile jaune. On \u00e9tait sans nouvelles d\u2019amis tr\u00e8s proches. Tous \u00e9taient \u00e9trangers. Jules les plaignait de n\u2019avoir pas eu sa chance d\u2019\u00eatre naturalis\u00e9s.<br \/>\nDora le regardait avec un m\u00e9lange de tendresse et de crainte. Elle l\u2019aimait toujours autant apr\u00e8s plus de trente ans pass\u00e9s ensemble. Trente-deux ans exactement qu\u2019ils \u00e9taient mari\u00e9s. Elle venait juste alors de f\u00eater ses 20 ans, lui en avait 23. Elle \u00e9tait fi\u00e8re d\u2019avoir s\u00e9duit un si beau jeune homme. Beau, mais aussi s\u00e9rieux et travailleur. Ses amies l\u2019enviaient.<br \/>\n\u00c0 19 ans, il avait quitt\u00e9, apr\u00e8s ses cinq fr\u00e8res et soeurs, Bacau, sa ville natale, en Roumanie. Son p\u00e8re, veuf depuis d\u00e9j\u00e0 de longues ann\u00e9es, ne faisait pas partie du voyage. Malade et trop \u00e2g\u00e9, il vit partir ses enfants en sachant au fond de lui qu\u2019il ne les reverrait plus jamais. Malgr\u00e9 cela, il les avait encourag\u00e9s \u00e0 quitter ce pays \u00e0 l\u2019antis\u00e9mitisme grandissant. \u00ab Allez construire votre avenir ailleurs \u00bb, leur avait-il dit.<br \/>\nL\u2019un apr\u00e8s l\u2019autre, les six enfants avaient suivi les conseils de leur p\u00e8re. Jules fut le dernier \u00e0 quitter le vieil homme. Avant-dernier de la fratrie, il \u00e9tait le plus proche de son p\u00e8re. Il savait combien de sacrifices celui-ci avait consenti pour \u00e9lever seul sa nombreuse prog\u00e9niture. La s\u00e9paration avait \u00e9t\u00e9 d\u00e9chirante pour les deux hommes. Leur au-revoir \u00e9tait en r\u00e9alit\u00e9 un adieu. Tous deux en \u00e9taient bien conscients, m\u00eame s\u2019ils se promirent de se retrouver bient\u00f4t. La s\u00e9paration des familles est une cons\u00e9quence cruelle de l\u2019\u00e9migration.<br \/>\nLazare mourut quelques ann\u00e9es plus tard sans avoir revu ses enfants. Dora se souvenait du chagrin de son mari quand il avait appris la nouvelle. Ce fut la seule fois qu\u2019elle le vit pleurer. En 1908, Jules d\u00e9barqua \u00e0 Paris. \u00bb<\/p>\n<p><strong>Le Cordon<\/strong>, un livre de Marc Danzon, paru aux \u00e9ditions l&#8217;Harmattan<\/p>\n","protected":false},"excerpt":{"rendered":"<p>Un morceau de ficelle retrouv\u00e9 par un incroyable concours de circonstances fait resurgir le souvenir de Dora et Jules d\u00e9port\u00e9s<\/p>\n","protected":false},"author":1,"featured_media":0,"comment_status":"open","ping_status":"open","sticky":false,"template":"","format":"standard","meta":{"_mi_skip_tracking":false,"_exactmetrics_sitenote_active":false,"_exactmetrics_sitenote_note":"","_exactmetrics_sitenote_category":0,"footnotes":""},"categories":[36],"tags":[35],"table_tags":[],"_links":{"self":[{"href":"https:\/\/aifonline.net\/index.php?rest_route=\/wp\/v2\/posts\/708"}],"collection":[{"href":"https:\/\/aifonline.net\/index.php?rest_route=\/wp\/v2\/posts"}],"about":[{"href":"https:\/\/aifonline.net\/index.php?rest_route=\/wp\/v2\/types\/post"}],"author":[{"embeddable":true,"href":"https:\/\/aifonline.net\/index.php?rest_route=\/wp\/v2\/users\/1"}],"replies":[{"embeddable":true,"href":"https:\/\/aifonline.net\/index.php?rest_route=%2Fwp%2Fv2%2Fcomments&post=708"}],"version-history":[{"count":2,"href":"https:\/\/aifonline.net\/index.php?rest_route=\/wp\/v2\/posts\/708\/revisions"}],"predecessor-version":[{"id":735,"href":"https:\/\/aifonline.net\/index.php?rest_route=\/wp\/v2\/posts\/708\/revisions\/735"}],"wp:attachment":[{"href":"https:\/\/aifonline.net\/index.php?rest_route=%2Fwp%2Fv2%2Fmedia&parent=708"}],"wp:term":[{"taxonomy":"category","embeddable":true,"href":"https:\/\/aifonline.net\/index.php?rest_route=%2Fwp%2Fv2%2Fcategories&post=708"},{"taxonomy":"post_tag","embeddable":true,"href":"https:\/\/aifonline.net\/index.php?rest_route=%2Fwp%2Fv2%2Ftags&post=708"},{"taxonomy":"table_tags","embeddable":true,"href":"https:\/\/aifonline.net\/index.php?rest_route=%2Fwp%2Fv2%2Ftable_tags&post=708"}],"curies":[{"name":"wp","href":"https:\/\/api.w.org\/{rel}","templated":true}]}}