{"id":7094,"date":"2025-10-07T14:09:00","date_gmt":"2025-10-07T12:09:00","guid":{"rendered":"https:\/\/aifonline.net\/?p=7094"},"modified":"2025-10-07T14:18:30","modified_gmt":"2025-10-07T12:18:30","slug":"le-saviez-vous-lhomme-qui-aimait-les-femmes","status":"publish","type":"post","link":"https:\/\/aifonline.net\/?p=7094","title":{"rendered":"Le saviez-vous : L&#8217;Homme qui aimait les femmes"},"content":{"rendered":"\n<p><strong><em>Par Daniela Levy-Monath<\/em><\/strong><\/p>\n\n\n\n<p>Il y a trente ans nous quittait un grand talent du cin\u00e9ma et du th\u00e9\u00e2tre, Charles Denner. Au-del\u00e0 de ses r\u00f4les les plus marquants au cin\u00e9ma, <em>Landru<\/em>, <em>L&#8217;Homme qui aimait les femmes<\/em>, <em>L&#8217;Aventure c&#8217;est l&#8217;aventure<\/em>, etc.<br>Charles Denner fut admirable sur les planches, il c\u00f4toie Jean Vilar, G\u00e9rard Philippe, Georges Wilson.<br>Mais ce yiddishiste, n\u00e9 \u00e0 Tarnow en Galicie, \u00e9tait aussi un baryton et ceux qui poss\u00e8dent son disque de chansons en yiddish poss\u00e8dent une petite mine d&#8217;or.<br>Pendant la guerre, adolescent, il s&#8217;engage dans la R\u00e9sistance, int\u00e8gre l&#8217;Arm\u00e9e secr\u00e8re de la France libre,&nbsp; participe aux combats du Vercors. Il sera d\u00e9cor\u00e9 de la Croix de Guerre.<br>Emport\u00e9 par la maladie, c&#8217;est un &#8221;&nbsp;mentsch&nbsp;&#8221; qui nous quittait en septembre 1995.<br>Charles Denner repose dans le caveau familial au cimeti\u00e8re parisien de Bagneux.<\/p>\n\n\n\n<figure class=\"wp-block-embed is-type-video is-provider-youtube wp-block-embed-youtube wp-embed-aspect-4-3 wp-has-aspect-ratio\"><div class=\"wp-block-embed__wrapper\">\n<iframe loading=\"lazy\" title=\"Charles Denner Compartiment tueurs\" width=\"910\" height=\"683\" src=\"https:\/\/www.youtube.com\/embed\/cs9I7JN862U?feature=oembed\" frameborder=\"0\" allow=\"accelerometer; autoplay; clipboard-write; encrypted-media; gyroscope; picture-in-picture; web-share\" referrerpolicy=\"strict-origin-when-cross-origin\" allowfullscreen><\/iframe>\n<\/div><\/figure>\n","protected":false},"excerpt":{"rendered":"<p>Par Daniela Levy-Monath Il y a trente ans nous quittait un grand talent du cin\u00e9ma et du th\u00e9\u00e2tre, Charles Denner.<\/p>\n","protected":false},"author":1,"featured_media":0,"comment_status":"open","ping_status":"open","sticky":false,"template":"","format":"standard","meta":{"_mi_skip_tracking":false,"_exactmetrics_sitenote_active":false,"_exactmetrics_sitenote_note":"","_exactmetrics_sitenote_category":0,"footnotes":""},"categories":[77],"tags":[],"table_tags":[],"_links":{"self":[{"href":"https:\/\/aifonline.net\/index.php?rest_route=\/wp\/v2\/posts\/7094"}],"collection":[{"href":"https:\/\/aifonline.net\/index.php?rest_route=\/wp\/v2\/posts"}],"about":[{"href":"https:\/\/aifonline.net\/index.php?rest_route=\/wp\/v2\/types\/post"}],"author":[{"embeddable":true,"href":"https:\/\/aifonline.net\/index.php?rest_route=\/wp\/v2\/users\/1"}],"replies":[{"embeddable":true,"href":"https:\/\/aifonline.net\/index.php?rest_route=%2Fwp%2Fv2%2Fcomments&post=7094"}],"version-history":[{"count":4,"href":"https:\/\/aifonline.net\/index.php?rest_route=\/wp\/v2\/posts\/7094\/revisions"}],"predecessor-version":[{"id":7109,"href":"https:\/\/aifonline.net\/index.php?rest_route=\/wp\/v2\/posts\/7094\/revisions\/7109"}],"wp:attachment":[{"href":"https:\/\/aifonline.net\/index.php?rest_route=%2Fwp%2Fv2%2Fmedia&parent=7094"}],"wp:term":[{"taxonomy":"category","embeddable":true,"href":"https:\/\/aifonline.net\/index.php?rest_route=%2Fwp%2Fv2%2Fcategories&post=7094"},{"taxonomy":"post_tag","embeddable":true,"href":"https:\/\/aifonline.net\/index.php?rest_route=%2Fwp%2Fv2%2Ftags&post=7094"},{"taxonomy":"table_tags","embeddable":true,"href":"https:\/\/aifonline.net\/index.php?rest_route=%2Fwp%2Fv2%2Ftable_tags&post=7094"}],"curies":[{"name":"wp","href":"https:\/\/api.w.org\/{rel}","templated":true}]}}