{"id":7097,"date":"2025-10-07T14:14:18","date_gmt":"2025-10-07T12:14:18","guid":{"rendered":"https:\/\/aifonline.net\/?p=7097"},"modified":"2025-10-08T08:27:10","modified_gmt":"2025-10-08T06:27:10","slug":"billet-mais-ou-vivront-mes-petits-enfants","status":"publish","type":"post","link":"https:\/\/aifonline.net\/?p=7097","title":{"rendered":"Billet : Mais o\u00f9 vivront mes petits-enfants\u00a0?"},"content":{"rendered":"\n<p><strong><em>Par Alain Kaminski<\/em><\/strong><\/p>\n\n\n\n<p>Dans quel pays vivront mes\u00a0petits-enfants\u00a0?<br>En France\u00a0? dans ce pays que mes a\u00efeux avaient choisi en disant &#8221;\u00a0heureux comme un juif en France\u00a0&#8220;\u2026 ou ailleurs\u00a0?<br>La question finit pas se poser \u00e0 la vitesse grand V si bien qu\u2019elle devient d\u2019actualit\u00e9.<br>La vague d\u2019antis\u00e9mitisme d\u00e9ferle sur tout le pays, les enfants de certaines banlieues ne peuvent plus \u00eatre scolaris\u00e9s dans les \u00e9coles publiques pour des raisons de s\u00e9curit\u00e9, les \u00e9tudiants choisissent un cursus en fonction de la fac qui leur assurera un accueil favorable et certains milieux professionnels sont d\u00e9sormais hostiles \u00e0 la pr\u00e9sence de citoyens de confession juive.<br>Depuis la guerre, les Fran\u00e7ais n\u2019avaient jamais fait montre d\u2019hostilit\u00e9 \u00e0 l\u2019endroit de leurs concitoyens de confession juive mais, comme l\u2019Histoire de l\u2019Humanit\u00e9 peut le d\u00e9montrer, le danger vient toujours de la nature humaine elle-m\u00eame et d\u2019une soci\u00e9t\u00e9 capable de fabriquer une cr\u00e9ature qui peut se retourner contre elle avec pour mission de la d\u00e9truire.<br>C\u2019est ce qu\u2019il se passe aujourd\u2019hui. La machine infernale est une formation politique qui s\u2019appelle la France insoumise avec un leader qui r\u00eave de prendre le pouvoir. Seulement il n\u2019y parvient pas par les urnes comme l\u2019avait tristement fait un dictateur en Allemagne en janvier 1933. Alors il lui faut imaginer une autre strat\u00e9gie, monter une arm\u00e9e de janissaires et de b\u00e9jaunes, recrut\u00e9s dans l\u2019islam radical, nourris d\u2019antis\u00e9mitisme au biberon, pour prendre le pouvoir par la rue. Le travail a d\u00e9j\u00e0 commenc\u00e9, des simples manifestations \u00e0 un appel \u00e0 l\u2019intifada, on passe au d\u00e9sir de bloquer le pays et on r\u00eave de l\u2019insurrection sans oublier de corrompre d\u2019autres formations politiques, socialistes et \u00e9cologistes, en leur promettant r\u00e9compense \u00e9lectorale.\u00a0D\u2019autres pays o\u00f9 l\u2019extr\u00eame-gauche avait pris le pouvoir par la force nous rappelle les cons\u00e9quences que l\u2019ont conna\u00eet, tout \u00e9tait permis jusqu\u2019\u00e0 changer le nom des villes voire du pays. Des hordes sauvages nous affichent\u00a0\u00e0 Paris une place de la R\u00e9publique qui est en train de devenir avec pancartes et drapeaux une place du califat. La France a vu des manifestants sinc\u00e8res arborant un drapeau fran\u00e7ais se faire molester et trait\u00e9s de fascistes. Le drapeau tricolore doit d\u00e9sormais se cacher en France sur la voie publique. Rien n\u2019arr\u00eate la France insoumise pour prendre le pouvoir et carte blanche est donn\u00e9e \u00e0 tous les citoyens qui ha\u00efssent la France, qui lui crachent au visage, qui en font son paillasson et qui veulent lui faire abandonner ses traditions, son Histoire, sa civilisation. Du jamais vu\u00a0!<br>Je m\u2019\u00e9tais un jour \u00e9tonn\u00e9 qu\u2019un dictateur de Birmanie e\u00fbt r\u00e9ussi \u00e0 changer le nom de son pays en Myanmar et changer son hymne national et son drapeau. Et pourquoi pas cela en Europe, en France o\u00f9 ces trotskystes tendance lambertistes veulent commencer par remplacer les mots Toussaint et No\u00ebl par automne et fin d\u2019ann\u00e9e dans les calendriers scolaires. Une v\u00e9ritable commande politique au nom de la la\u00efcit\u00e9 mais venant de ceux-l\u00e0 m\u00eames qui, par ailleurs, refusent l\u2019interdiction de l\u2019abaya \u00e0 l\u2019\u00e9cole et militent pour le maintien des jours f\u00e9ri\u00e9s li\u00e9s \u00e0 un calendrier\u2026 chr\u00e9tien. Quand un leader politique devient haineux et malintentionn\u00e9 dans un pays et qu\u2019il veut d\u00e9faire la R\u00e9publique de ses valeurs, je me demande o\u00f9 vivront un jour mes petits-enfants. L\u2019extr\u00eame-droite avait pu, il y a quatre-vingts ans, priver une cat\u00e9gorie de citoyens de libert\u00e9, l\u2019extr\u00eame-gauche se dit que l\u2019Histoire de notre pays peut\u00a0b\u00e9gayer et cette fois-ci priver la France de son identit\u00e9.<br>Restons toutefois et, autant que faire se pourra, optimistes et faisons tout pour que cet homme et ses hordes sauvages n\u2019arrivent jamais au pouvoir.<\/p>\n","protected":false},"excerpt":{"rendered":"<p>Par Alain Kaminski Dans quel pays vivront mes\u00a0petits-enfants\u00a0?En France\u00a0? dans ce pays que mes a\u00efeux avaient choisi en disant &#8221;\u00a0heureux<\/p>\n","protected":false},"author":1,"featured_media":0,"comment_status":"open","ping_status":"open","sticky":false,"template":"","format":"standard","meta":{"_mi_skip_tracking":false,"_exactmetrics_sitenote_active":false,"_exactmetrics_sitenote_note":"","_exactmetrics_sitenote_category":0,"footnotes":""},"categories":[4],"tags":[],"table_tags":[],"_links":{"self":[{"href":"https:\/\/aifonline.net\/index.php?rest_route=\/wp\/v2\/posts\/7097"}],"collection":[{"href":"https:\/\/aifonline.net\/index.php?rest_route=\/wp\/v2\/posts"}],"about":[{"href":"https:\/\/aifonline.net\/index.php?rest_route=\/wp\/v2\/types\/post"}],"author":[{"embeddable":true,"href":"https:\/\/aifonline.net\/index.php?rest_route=\/wp\/v2\/users\/1"}],"replies":[{"embeddable":true,"href":"https:\/\/aifonline.net\/index.php?rest_route=%2Fwp%2Fv2%2Fcomments&post=7097"}],"version-history":[{"count":10,"href":"https:\/\/aifonline.net\/index.php?rest_route=\/wp\/v2\/posts\/7097\/revisions"}],"predecessor-version":[{"id":7131,"href":"https:\/\/aifonline.net\/index.php?rest_route=\/wp\/v2\/posts\/7097\/revisions\/7131"}],"wp:attachment":[{"href":"https:\/\/aifonline.net\/index.php?rest_route=%2Fwp%2Fv2%2Fmedia&parent=7097"}],"wp:term":[{"taxonomy":"category","embeddable":true,"href":"https:\/\/aifonline.net\/index.php?rest_route=%2Fwp%2Fv2%2Fcategories&post=7097"},{"taxonomy":"post_tag","embeddable":true,"href":"https:\/\/aifonline.net\/index.php?rest_route=%2Fwp%2Fv2%2Ftags&post=7097"},{"taxonomy":"table_tags","embeddable":true,"href":"https:\/\/aifonline.net\/index.php?rest_route=%2Fwp%2Fv2%2Ftable_tags&post=7097"}],"curies":[{"name":"wp","href":"https:\/\/api.w.org\/{rel}","templated":true}]}}