{"id":7263,"date":"2025-11-30T07:25:00","date_gmt":"2025-11-30T06:25:00","guid":{"rendered":"https:\/\/aifonline.net\/?p=7263"},"modified":"2025-11-30T10:01:10","modified_gmt":"2025-11-30T09:01:10","slug":"livre-jai-perdu-un-bedouin-dans-paris","status":"publish","type":"post","link":"https:\/\/aifonline.net\/?p=7263","title":{"rendered":"Livre : J\u2019ai perdu un B\u00e9douin dans Paris"},"content":{"rendered":"\n<p><strong><em>Par Jacques Rozen<\/em><\/strong><\/p>\n\n\n\n<p><strong>Titre :<\/strong> J\u2019ai perdu un B\u00e9douin dans Paris<strong><br>Auteur :<\/strong> Arthur Essebag<strong><br>Edition :<\/strong> Grasset<\/p>\n\n\n<div class=\"wp-block-image\">\n<figure class=\"aligncenter size-medium\"><img decoding=\"async\" loading=\"lazy\" width=\"205\" height=\"300\" src=\"https:\/\/aifonline.net\/wp-content\/uploads\/2025\/11\/Jai-perdu-un-Bedouin-dans-Paris-205x300.webp\" alt=\"\" class=\"wp-image-7274\" srcset=\"https:\/\/aifonline.net\/wp-content\/uploads\/2025\/11\/Jai-perdu-un-Bedouin-dans-Paris-205x300.webp 205w, https:\/\/aifonline.net\/wp-content\/uploads\/2025\/11\/Jai-perdu-un-Bedouin-dans-Paris-700x1024.webp 700w, https:\/\/aifonline.net\/wp-content\/uploads\/2025\/11\/Jai-perdu-un-Bedouin-dans-Paris-768x1124.webp 768w, https:\/\/aifonline.net\/wp-content\/uploads\/2025\/11\/Jai-perdu-un-Bedouin-dans-Paris-1049x1536.webp 1049w, https:\/\/aifonline.net\/wp-content\/uploads\/2025\/11\/Jai-perdu-un-Bedouin-dans-Paris.webp 1400w\" sizes=\"(max-width: 205px) 100vw, 205px\" \/><figcaption class=\"wp-element-caption\">J&#8217;ai perdu un B\u00e9douin dans Paris, Arthur Essebag<\/figcaption><\/figure><\/div>\n\n\n<p>Je ne savais pas que le pr\u00e9sentateur de t\u00e9l\u00e9vision Arthur s\u2019appelait Essebag.<br>Je ne connaissais pas ses engagements dans la communaut\u00e9.<br>Ce que je sais aujourd\u2019hui, c\u2019est qu\u2019il a \u00e9crit un livre qui d\u00e9crit profond\u00e9ment ce que nous traversons en France, voire dans le monde.<br>Il d\u00e9crit avec justesse, la dure r\u00e9alit\u00e9 qui est la n\u00f4tre&nbsp;: \u00eatre mis au ban de la soci\u00e9t\u00e9 par&nbsp;peut-\u00eatre&nbsp;une minorit\u00e9 de fran\u00e7ais qui se font entendre, font r\u00e9sonner leur haine contre Isra\u00ebl et contre les juifs. L\u2019inversion des valeurs, le retournement des probl\u00e9matiques, mais surtout la m\u00e9diatisation de leurs propos&nbsp;fait&nbsp;honte \u00e0 la France, aux m\u00e9dias qui se font un plaisir de colporter les plus basses rumeurs, surtout sans v\u00e9rifier les sources, sans s\u2019excuser ensuite d\u2019avoir&nbsp;jet\u00e9&nbsp;en p\u00e2ture des juifs. Les faits, rien que les faits ne sont plus le sujet des journalistes, des politiques, des lanceurs d\u2019alertes, de ceux qui font l\u2019opinion. Ils ne restituent que des rumeurs, des sentiments les plus indignes.<br>Arthur nous livre des faits&nbsp;: les probl\u00e8mes que nous rencontrons depuis le 7&nbsp;octobre. Il expose comment l\u2019antis\u00e9mitisme est devenu d\u00e9compl\u00e9x\u00e9, comment par peur, par manque de courage ou plus simplement par b\u00eatise, ceux qui devaient expliquer les choses se taisent. Parcourez le chapitre sur le \u00ab&nbsp;superbowl&nbsp;\u00bb. D\u00e9couvrez comment le monde du spectacle si prompt \u00e0 donner des le\u00e7ons, \u00e0 pourfendre les institutions qui les nourrit, si rempli des bonnes intentions se tait par peur, par l\u00e2chet\u00e9 quand il s\u2019agit de r\u00e9aliser un clip sur la fraternit\u00e9 universelle, qui est la grandeur de la France.<\/p>\n","protected":false},"excerpt":{"rendered":"<p>Par Jacques Rozen Titre : J\u2019ai perdu un B\u00e9douin dans ParisAuteur : Arthur EssebagEdition : Grasset Je ne savais pas<\/p>\n","protected":false},"author":1,"featured_media":0,"comment_status":"open","ping_status":"open","sticky":false,"template":"","format":"standard","meta":{"_mi_skip_tracking":false,"_exactmetrics_sitenote_active":false,"_exactmetrics_sitenote_note":"","_exactmetrics_sitenote_category":0,"footnotes":""},"categories":[36],"tags":[],"table_tags":[],"_links":{"self":[{"href":"https:\/\/aifonline.net\/index.php?rest_route=\/wp\/v2\/posts\/7263"}],"collection":[{"href":"https:\/\/aifonline.net\/index.php?rest_route=\/wp\/v2\/posts"}],"about":[{"href":"https:\/\/aifonline.net\/index.php?rest_route=\/wp\/v2\/types\/post"}],"author":[{"embeddable":true,"href":"https:\/\/aifonline.net\/index.php?rest_route=\/wp\/v2\/users\/1"}],"replies":[{"embeddable":true,"href":"https:\/\/aifonline.net\/index.php?rest_route=%2Fwp%2Fv2%2Fcomments&post=7263"}],"version-history":[{"count":10,"href":"https:\/\/aifonline.net\/index.php?rest_route=\/wp\/v2\/posts\/7263\/revisions"}],"predecessor-version":[{"id":7348,"href":"https:\/\/aifonline.net\/index.php?rest_route=\/wp\/v2\/posts\/7263\/revisions\/7348"}],"wp:attachment":[{"href":"https:\/\/aifonline.net\/index.php?rest_route=%2Fwp%2Fv2%2Fmedia&parent=7263"}],"wp:term":[{"taxonomy":"category","embeddable":true,"href":"https:\/\/aifonline.net\/index.php?rest_route=%2Fwp%2Fv2%2Fcategories&post=7263"},{"taxonomy":"post_tag","embeddable":true,"href":"https:\/\/aifonline.net\/index.php?rest_route=%2Fwp%2Fv2%2Ftags&post=7263"},{"taxonomy":"table_tags","embeddable":true,"href":"https:\/\/aifonline.net\/index.php?rest_route=%2Fwp%2Fv2%2Ftable_tags&post=7263"}],"curies":[{"name":"wp","href":"https:\/\/api.w.org\/{rel}","templated":true}]}}