{"id":7369,"date":"2025-12-30T10:43:00","date_gmt":"2025-12-30T09:43:00","guid":{"rendered":"https:\/\/aifonline.net\/?p=7369"},"modified":"2025-12-30T10:48:16","modified_gmt":"2025-12-30T09:48:16","slug":"le-saviez-vous-lhomme-qui-venait-du-froid","status":"publish","type":"post","link":"https:\/\/aifonline.net\/?p=7369","title":{"rendered":"Le saviez-vous : L&#8217;homme qui venait du froid"},"content":{"rendered":"\n<p><strong><em>Par Daniela-Levy Monath<\/em><\/strong><\/p>\n\n\n\n<p>On l&#8217;appelait PEV.<br>Ses parents, Einrich Victor Steinschneider et Laura Baum \u00e9taient issus de la bourgeoisie juive d&#8217;Europe centrale o\u00f9 les hivers \u00e9taient bien rudes.<br>Leur fils n&#8217;aimait pas le froid. Et pourtant, Paul-Emile Victor devint l&#8217;immense explorateur qui fera d\u00e9couvrir \u00e0 la France enti\u00e8re les myst\u00e8res de l&#8217;Arctique et du Groenland. C&#8217;est au cours d&#8217;une conf\u00e9rence qu&#8217;il donna dans la salle des f\u00eates du lyc\u00e9e parisien Jacques-Decour sur la vie des esquimaux, dans le mitan des ann\u00e9es 60, qu&#8217;il r\u00e9v\u00e9la sa maitrise de la langue inuite. On apprit alors que le mot parka, litt\u00e9ralement peau d&#8217;animal nous venait des inuits.&nbsp;<br>Sacr\u00e9 Paul-Emile Victor, quel homme&nbsp;!<\/p>\n\n\n\n<figure class=\"wp-block-embed is-type-video is-provider-youtube wp-block-embed-youtube wp-embed-aspect-16-9 wp-has-aspect-ratio\"><div class=\"wp-block-embed__wrapper\">\n<iframe loading=\"lazy\" title=\"Paul-\u00c9mile Victor  \u2605  j&#039;ai horreur du froid (bande-annonce)\" width=\"910\" height=\"512\" src=\"https:\/\/www.youtube.com\/embed\/ogMymFt714M?feature=oembed\" frameborder=\"0\" allow=\"accelerometer; autoplay; clipboard-write; encrypted-media; gyroscope; picture-in-picture; web-share\" referrerpolicy=\"strict-origin-when-cross-origin\" allowfullscreen><\/iframe>\n<\/div><\/figure>\n\n\n\n<figure class=\"wp-block-embed is-type-video is-provider-youtube wp-block-embed-youtube wp-embed-aspect-16-9 wp-has-aspect-ratio\"><div class=\"wp-block-embed__wrapper\">\n<iframe loading=\"lazy\" title=\"1979 : Paul-Emile Victor &quot;On est dans la merde jusqu&#039;au cou&quot; | Archive INA\" width=\"910\" height=\"512\" src=\"https:\/\/www.youtube.com\/embed\/zyhsN1-YDUI?feature=oembed\" frameborder=\"0\" allow=\"accelerometer; autoplay; clipboard-write; encrypted-media; gyroscope; picture-in-picture; web-share\" referrerpolicy=\"strict-origin-when-cross-origin\" allowfullscreen><\/iframe>\n<\/div><\/figure>\n","protected":false},"excerpt":{"rendered":"<p>Par Daniela-Levy Monath On l&#8217;appelait PEV.Ses parents, Einrich Victor Steinschneider et Laura Baum \u00e9taient issus de la bourgeoisie juive d&#8217;Europe<\/p>\n","protected":false},"author":1,"featured_media":0,"comment_status":"open","ping_status":"open","sticky":false,"template":"","format":"standard","meta":{"_mi_skip_tracking":false,"_exactmetrics_sitenote_active":false,"_exactmetrics_sitenote_note":"","_exactmetrics_sitenote_category":0,"footnotes":""},"categories":[77],"tags":[],"table_tags":[],"_links":{"self":[{"href":"https:\/\/aifonline.net\/index.php?rest_route=\/wp\/v2\/posts\/7369"}],"collection":[{"href":"https:\/\/aifonline.net\/index.php?rest_route=\/wp\/v2\/posts"}],"about":[{"href":"https:\/\/aifonline.net\/index.php?rest_route=\/wp\/v2\/types\/post"}],"author":[{"embeddable":true,"href":"https:\/\/aifonline.net\/index.php?rest_route=\/wp\/v2\/users\/1"}],"replies":[{"embeddable":true,"href":"https:\/\/aifonline.net\/index.php?rest_route=%2Fwp%2Fv2%2Fcomments&post=7369"}],"version-history":[{"count":4,"href":"https:\/\/aifonline.net\/index.php?rest_route=\/wp\/v2\/posts\/7369\/revisions"}],"predecessor-version":[{"id":7411,"href":"https:\/\/aifonline.net\/index.php?rest_route=\/wp\/v2\/posts\/7369\/revisions\/7411"}],"wp:attachment":[{"href":"https:\/\/aifonline.net\/index.php?rest_route=%2Fwp%2Fv2%2Fmedia&parent=7369"}],"wp:term":[{"taxonomy":"category","embeddable":true,"href":"https:\/\/aifonline.net\/index.php?rest_route=%2Fwp%2Fv2%2Fcategories&post=7369"},{"taxonomy":"post_tag","embeddable":true,"href":"https:\/\/aifonline.net\/index.php?rest_route=%2Fwp%2Fv2%2Ftags&post=7369"},{"taxonomy":"table_tags","embeddable":true,"href":"https:\/\/aifonline.net\/index.php?rest_route=%2Fwp%2Fv2%2Ftable_tags&post=7369"}],"curies":[{"name":"wp","href":"https:\/\/api.w.org\/{rel}","templated":true}]}}