{"id":739,"date":"2019-04-09T14:48:33","date_gmt":"2019-04-09T12:48:33","guid":{"rendered":"http:\/\/aifonline.net\/?p=739"},"modified":"2019-04-09T14:48:33","modified_gmt":"2019-04-09T12:48:33","slug":"sur-la-pulsion-de-mort-creation-et-destruction-au-coeur-de-lhumain-par-robert-samacher","status":"publish","type":"post","link":"https:\/\/aifonline.net\/?p=739","title":{"rendered":"Sur la pulsion de mort  Cr\u00e9ation et destruction au coeur de l&#8217;humain par Robert Samacher"},"content":{"rendered":"<p><img decoding=\"async\" loading=\"lazy\" class=\"alignleft wp-image-740 size-medium\" src=\"https:\/\/aifonline.net\/wp-content\/uploads\/2019\/04\/Robert_Samacher-195x300.jpg\" alt=\"\" width=\"195\" height=\"300\" srcset=\"https:\/\/aifonline.net\/wp-content\/uploads\/2019\/04\/Robert_Samacher-195x300.jpg 195w, https:\/\/aifonline.net\/wp-content\/uploads\/2019\/04\/Robert_Samacher.jpg 325w\" sizes=\"(max-width: 195px) 100vw, 195px\" \/>Il se r\u00e9f\u00e8re \u00e0 son histoire personnelle, \u00e9voquant tout d&#8217;abord son enfance durant la seconde guerre mondiale, qui contraignit sa famille \u00e0 vivre cach\u00e9e, et la d\u00e9portation de son p\u00e8re en 1942. Rescap\u00e9 des camps de la mort et rapatri\u00e9 en 1945, celui-ci a racont\u00e9 les horreurs qu&#8217;il a v\u00e9cues et qui ont laiss\u00e9 dans la m\u00e9moire de ses enfants une trace ind\u00e9l\u00e9bile.<\/p>\n<p>Hermann \u00e9diteur, 2009<\/p>\n","protected":false},"excerpt":{"rendered":"<p>Il se r\u00e9f\u00e8re \u00e0 son histoire personnelle, \u00e9voquant tout d&#8217;abord son enfance durant la seconde guerre mondiale, qui contraignit sa<\/p>\n","protected":false},"author":1,"featured_media":0,"comment_status":"open","ping_status":"open","sticky":false,"template":"","format":"standard","meta":{"_mi_skip_tracking":false,"_exactmetrics_sitenote_active":false,"_exactmetrics_sitenote_note":"","_exactmetrics_sitenote_category":0,"footnotes":""},"categories":[36],"tags":[35],"table_tags":[],"_links":{"self":[{"href":"https:\/\/aifonline.net\/index.php?rest_route=\/wp\/v2\/posts\/739"}],"collection":[{"href":"https:\/\/aifonline.net\/index.php?rest_route=\/wp\/v2\/posts"}],"about":[{"href":"https:\/\/aifonline.net\/index.php?rest_route=\/wp\/v2\/types\/post"}],"author":[{"embeddable":true,"href":"https:\/\/aifonline.net\/index.php?rest_route=\/wp\/v2\/users\/1"}],"replies":[{"embeddable":true,"href":"https:\/\/aifonline.net\/index.php?rest_route=%2Fwp%2Fv2%2Fcomments&post=739"}],"version-history":[{"count":1,"href":"https:\/\/aifonline.net\/index.php?rest_route=\/wp\/v2\/posts\/739\/revisions"}],"predecessor-version":[{"id":741,"href":"https:\/\/aifonline.net\/index.php?rest_route=\/wp\/v2\/posts\/739\/revisions\/741"}],"wp:attachment":[{"href":"https:\/\/aifonline.net\/index.php?rest_route=%2Fwp%2Fv2%2Fmedia&parent=739"}],"wp:term":[{"taxonomy":"category","embeddable":true,"href":"https:\/\/aifonline.net\/index.php?rest_route=%2Fwp%2Fv2%2Fcategories&post=739"},{"taxonomy":"post_tag","embeddable":true,"href":"https:\/\/aifonline.net\/index.php?rest_route=%2Fwp%2Fv2%2Ftags&post=739"},{"taxonomy":"table_tags","embeddable":true,"href":"https:\/\/aifonline.net\/index.php?rest_route=%2Fwp%2Fv2%2Ftable_tags&post=739"}],"curies":[{"name":"wp","href":"https:\/\/api.w.org\/{rel}","templated":true}]}}