{"id":789,"date":"2019-05-10T11:00:34","date_gmt":"2019-05-10T09:00:34","guid":{"rendered":"http:\/\/aifonline.net\/?p=789"},"modified":"2019-05-09T18:50:43","modified_gmt":"2019-05-09T16:50:43","slug":"sous-le-feu-de-la-desinformation","status":"publish","type":"post","link":"https:\/\/aifonline.net\/?p=789","title":{"rendered":"Sous le feu\u2026 de la d\u00e9sinformation"},"content":{"rendered":"<p>Pr\u00e8s de 500 tirs de roquettes en 24 heures sur le territoire isra\u00e9lien et la d\u00e9sinformation perdure.<\/p>\n<p>Les cha\u00eenes de t\u00e9l\u00e9vision parlent toujours d\u2019un regain de violence au Proche-Orient. Aucun commentateur n\u2019a \u00e9t\u00e9 \u00e0 m\u00eame, avec les termes qu\u2019il convient, de rappeler qui a r\u00e9ellement d\u00e9clench\u00e9 les hostilit\u00e9s. Aucun media ne semble malveillant face \u00e0 cette pluie de roquettes ciblant la population civile d\u2019un \u00e9tat voisin, souverain et dont la r\u00e9activit\u00e9 reste mesur\u00e9e.<\/p>\n<p>Mesur\u00e9e car nul n\u2019ignore que Tsahal pourrait rayer de la carte la bande de Gaza en moins d\u2019une heure. Non, nos medias parlent d\u2019une violence des deux c\u00f4t\u00e9s comme s\u2019il s\u2019agissait de cela. On croit r\u00eaver. D\u2019aucuns sont all\u00e9s jusqu\u2019\u00e0 dire qu\u2019il ne s\u2019agissait que de menaces pour perturber l\u2019accueil\u2026 de l\u2019Eurovision de la Chanson, si important pour Isra\u00ebl.<\/p>\n<p>On se demande de quoi ou de qui ces commentateurs ont-ils peur pour occulter \u00e0 ce point ce bellicisme g\u00e9n\u00e9tique des dirigeants gazaouis face \u00e0 un peuple qui n\u2019aspire qu\u2019\u00e0 vivre en paix avec ses voisins.<\/p>\n<p>La Communaut\u00e9 internationale ne condamne pas le Hamas pourtant drap\u00e9 dans son manteau de haine, elle n\u2019appelle qu\u2019\u00e0 un cessez-le-feu. Force est d\u2019admettre qu\u2019elle a fait des progr\u00e8s, souvenons-nous du temps o\u00f9 elle demandait de la retenue \u00e0 l\u2019Etat h\u00e9breu avant m\u00eame qu\u2019il ne se d\u00e9fende.<\/p>\n<p>Il serait par ailleurs bien int\u00e9ressant d\u2019entendre le point de vue de nos candidats aux \u00e9lections europ\u00e9ennes sur cette pluie de roquettes s\u2019abattant sur Isra\u00ebl, \u00e7a nous donnerait une id\u00e9e assez claire de leur futur engagement pour la paix au Proche-Orient au sein de cette assembl\u00e9e.<\/p>\n<p>Pour l\u2019heure ces candidats font montre d\u2019une certaine opacit\u00e9 sur le sujet, c\u2019est criant, et de la s\u00e9curit\u00e9 de l\u2019Etat d\u2019Isra\u00ebl ils semblent s\u2019en soucier comme d\u2019une guigne, sans doute avec la m\u00eame indiff\u00e9rence que semblent avoir les \u00e9lecteurs eux-m\u00eames pour cette prochaine consultation \u00e9lectorale.<\/p>\n<p>C\u2019est bien la preuve que les dirigeants isra\u00e9liens ne peuvent compter que sur eux-m\u00eames pour assurer la s\u00e9curit\u00e9 de peuple d\u2019Isra\u00ebl, ce que Benyamin Netanyahou n\u2019a cess\u00e9 de dire pendant sa campagne.<\/p>\n<p>Sa victoire lui a donn\u00e9 raison, qui pourrait en disconvenir ?<\/p>\n<p><strong>Alain Kaminski<\/strong><\/p>\n<p>Rueil-Malmaison<\/p>\n","protected":false},"excerpt":{"rendered":"<p>Pr\u00e8s de 500 tirs de roquettes en 24 heures sur le territoire isra\u00e9lien et la d\u00e9sinformation perdure. Les cha\u00eenes de<\/p>\n","protected":false},"author":1,"featured_media":0,"comment_status":"open","ping_status":"open","sticky":false,"template":"","format":"standard","meta":{"_mi_skip_tracking":false,"_exactmetrics_sitenote_active":false,"_exactmetrics_sitenote_note":"","_exactmetrics_sitenote_category":0,"footnotes":""},"categories":[4],"tags":[42,41,44,43],"table_tags":[],"_links":{"self":[{"href":"https:\/\/aifonline.net\/index.php?rest_route=\/wp\/v2\/posts\/789"}],"collection":[{"href":"https:\/\/aifonline.net\/index.php?rest_route=\/wp\/v2\/posts"}],"about":[{"href":"https:\/\/aifonline.net\/index.php?rest_route=\/wp\/v2\/types\/post"}],"author":[{"embeddable":true,"href":"https:\/\/aifonline.net\/index.php?rest_route=\/wp\/v2\/users\/1"}],"replies":[{"embeddable":true,"href":"https:\/\/aifonline.net\/index.php?rest_route=%2Fwp%2Fv2%2Fcomments&post=789"}],"version-history":[{"count":1,"href":"https:\/\/aifonline.net\/index.php?rest_route=\/wp\/v2\/posts\/789\/revisions"}],"predecessor-version":[{"id":790,"href":"https:\/\/aifonline.net\/index.php?rest_route=\/wp\/v2\/posts\/789\/revisions\/790"}],"wp:attachment":[{"href":"https:\/\/aifonline.net\/index.php?rest_route=%2Fwp%2Fv2%2Fmedia&parent=789"}],"wp:term":[{"taxonomy":"category","embeddable":true,"href":"https:\/\/aifonline.net\/index.php?rest_route=%2Fwp%2Fv2%2Fcategories&post=789"},{"taxonomy":"post_tag","embeddable":true,"href":"https:\/\/aifonline.net\/index.php?rest_route=%2Fwp%2Fv2%2Ftags&post=789"},{"taxonomy":"table_tags","embeddable":true,"href":"https:\/\/aifonline.net\/index.php?rest_route=%2Fwp%2Fv2%2Ftable_tags&post=789"}],"curies":[{"name":"wp","href":"https:\/\/api.w.org\/{rel}","templated":true}]}}