{"id":793,"date":"2019-05-26T08:56:17","date_gmt":"2019-05-26T06:56:17","guid":{"rendered":"http:\/\/aifonline.net\/?p=793"},"modified":"2019-05-26T08:56:17","modified_gmt":"2019-05-26T06:56:17","slug":"deplacez-vous-chaque-voix-compte","status":"publish","type":"post","link":"https:\/\/aifonline.net\/?p=793","title":{"rendered":"D\u00e9placez-vous, chaque voix compte\u00a0!"},"content":{"rendered":"<p>Il y a quelques semaines encore, je ne savais pas si l\u2019allais me d\u00e9placer pour aller voter ce dimanche 26 mai prochain, pour ces \u00e9lections europ\u00e9ennes.<\/p>\n<p>D\u00e9couvrant cette multitude de listes, ce nombre d\u2019hommes et de femmes press\u00e9s d\u2019abandonner une situation professionnelle enrichissante pour faire de la politique, parfois enrichissante elle aussi me direz-vous, constatant que tant de gens ne voyaient leur avenir qu\u2019en devenant ou restant d\u00e9put\u00e9, j\u2019\u00e9tais quelque peu d\u00e9pit\u00e9.<\/p>\n<p>Et puis je comptais laisser sereinement ma conscience me guider jusqu\u2019au jour du scrutin sachant que pour ce qui est de mon combat contre les extr\u00eames, je n\u2019avais jamais aspir\u00e9 au repos.<\/p>\n<p>Puis deux \u00e9v\u00e9nements marquants m\u2019ont interpell\u00e9 le m\u00eame jour \u00e0 une heure d\u2019intervalle chacun. Si le premier fut grave, le second fut anecdotique mais tous deux m\u2019ont rappel\u00e9 qu\u2019en aucun cas je ne devais me soustraire \u00e0 mon devoir de citoyen pour ce scrutin.<\/p>\n<p>J\u2019\u00e9tais dans mon v\u00e9hicule et j\u2019entendais le discours de Marine Le Pen \u00e0 Milan, entour\u00e9e bien s\u00fbr de tout ce que compte l\u2019Europe de dirigeants fascistes. Elle disait et m\u00eame \u00e9ructait qu\u2019elle avait le droit de vivre en France comme une fran\u00e7aise, comme doit vivre un italien en Italie et plus largement un europ\u00e9en en Europe.<\/p>\n<p>Le deuxi\u00e8me \u00e9v\u00e9nement, aussi pittoresque semble-t-il, survint une heure plus tard dans ma boulangerie habituelle o\u00f9 je vis les pr\u00e9sentoirs assez clairsem\u00e9s vu l\u2019heure tardive qu\u2019il \u00e9tait, si bien que ma boulang\u00e8re ne put me proposer que ce qu\u2019il lui restait en vente.<\/p>\n<p>\u00ab\u00a0 Bonsoir Monsieur, \u00e0 cette heure-ci je n\u2019ai plus de baguettes mais j\u2019aurai \u00e0 vous proposer un pain \u00e0 l\u2019\u00e9peautre comme les faisaient nos anciens. Vous savez l\u2019\u00e9peautre c\u2019\u00e9tait le bl\u00e9 des Gaulois\u00a0?\u00a0\u00bb<\/p>\n<p>A ce moment-l\u00e0, en moins d\u2019une minute, il m\u2019est pass\u00e9 dix mille choses dans la t\u00eate. Moi, mes anciens, ils achetaient leur pain juif, leur yiddish bro\u00eft, faisaient leur g\u00e2teau au pavot \u00e0 Varsovie rue Ciepla, et parfois ils finissaient les matzot qu\u2019il restait de Pessah. Mais le discours x\u00e9nophobe que j\u2019avais entendu une heure avant dans mon v\u00e9hicule, loin de l\u2019innocence de ma petite boulang\u00e8re bien s\u00fbr, r\u00e9sonnait encore dans ma t\u00eate, aussi je me disais\u2026<\/p>\n<p>Et si un jour on ne trouverait plus de matzot pour Pessah\u00a0? Et si un jour le fils d\u2019\u00e9migr\u00e9 que je suis \u00e9tait point\u00e9 du doigt parce qu\u2019il n\u2019\u00e9tait pas un client fid\u00e8le du charcutier, voisin de ma boulang\u00e8re\u00a0? Et si un jour on relevait qu\u2019il y a plus de consonnes que de voyelles dans mon patronyme\u00a0? Et si un jour on oubliait que je suis n\u00e9 au coin de la rue Jacquemont et de l\u2019avenue de Clichy pr\u00e8s du m\u00e9tro Guy M\u00f4quet\u00a0? Et si on me demandait pourquoi Rachel ma petite-fille porte le pr\u00e9nom de son a\u00efeule\u00a0?<\/p>\n<p>Et bien j\u2019ai sans doute trouv\u00e9 la r\u00e9ponse \u00e0 toute ces interrogations, j\u2019irai jusqu\u2019\u00e0 dire la solution la seule. Je glisserai dans quelques jours mon bulletin de vote dans l\u2019urne afin d\u2019apporter ma pierre \u00e0 un \u00e9difice que je veux solide pour nos enfants, une Europe qui serait enfin un espace de concorde et de fraternit\u00e9.<\/p>\n<p>Alain Kaminski<br \/>\nRueil-Malmaison<\/p>\n","protected":false},"excerpt":{"rendered":"<p>Il y a quelques semaines encore, je ne savais pas si l\u2019allais me d\u00e9placer pour aller voter ce dimanche 26<\/p>\n","protected":false},"author":1,"featured_media":0,"comment_status":"open","ping_status":"open","sticky":false,"template":"","format":"standard","meta":{"_mi_skip_tracking":false,"_exactmetrics_sitenote_active":false,"_exactmetrics_sitenote_note":"","_exactmetrics_sitenote_category":0,"footnotes":""},"categories":[4],"tags":[47,46,45],"table_tags":[],"_links":{"self":[{"href":"https:\/\/aifonline.net\/index.php?rest_route=\/wp\/v2\/posts\/793"}],"collection":[{"href":"https:\/\/aifonline.net\/index.php?rest_route=\/wp\/v2\/posts"}],"about":[{"href":"https:\/\/aifonline.net\/index.php?rest_route=\/wp\/v2\/types\/post"}],"author":[{"embeddable":true,"href":"https:\/\/aifonline.net\/index.php?rest_route=\/wp\/v2\/users\/1"}],"replies":[{"embeddable":true,"href":"https:\/\/aifonline.net\/index.php?rest_route=%2Fwp%2Fv2%2Fcomments&post=793"}],"version-history":[{"count":1,"href":"https:\/\/aifonline.net\/index.php?rest_route=\/wp\/v2\/posts\/793\/revisions"}],"predecessor-version":[{"id":794,"href":"https:\/\/aifonline.net\/index.php?rest_route=\/wp\/v2\/posts\/793\/revisions\/794"}],"wp:attachment":[{"href":"https:\/\/aifonline.net\/index.php?rest_route=%2Fwp%2Fv2%2Fmedia&parent=793"}],"wp:term":[{"taxonomy":"category","embeddable":true,"href":"https:\/\/aifonline.net\/index.php?rest_route=%2Fwp%2Fv2%2Fcategories&post=793"},{"taxonomy":"post_tag","embeddable":true,"href":"https:\/\/aifonline.net\/index.php?rest_route=%2Fwp%2Fv2%2Ftags&post=793"},{"taxonomy":"table_tags","embeddable":true,"href":"https:\/\/aifonline.net\/index.php?rest_route=%2Fwp%2Fv2%2Ftable_tags&post=793"}],"curies":[{"name":"wp","href":"https:\/\/api.w.org\/{rel}","templated":true}]}}