{"id":848,"date":"2019-07-26T08:22:40","date_gmt":"2019-07-26T06:22:40","guid":{"rendered":"http:\/\/aifonline.net\/?p=848"},"modified":"2019-07-26T08:22:40","modified_gmt":"2019-07-26T06:22:40","slug":"periode-estivale","status":"publish","type":"post","link":"https:\/\/aifonline.net\/?p=848","title":{"rendered":"P\u00e9riode estivale"},"content":{"rendered":"<p>La p\u00e9riode estivale, pour certains tant attendue, est enfin arriv\u00e9e et gageons qu\u2019elle nous permette de nous reposer, surtout de ne plus entendre tout ce qui nous a bien fatigu\u00e9s ces derniers temps.<\/p>\n<p>Nous allons peut-\u00eatre \u00e9chapper \u00e0 ce matraquage assourdissant \u00ab\u00a0 Comme j\u2019aime\u00a0\u00bb qui propose de perdre des kilos \u00e0 la vitesse grand V avec pour garantie la tirade \u00ab\u00a0 on est s\u00fbr de notre coup, on est s\u00fbr que \u00e7a va marcher\u00a0\u00bb et moi, j\u2019aimerai tellement leur pr\u00e9senter une voisine qui a effectivement bien maigri mais qu\u2019un retard de livraison d\u00fb probablement \u00e0 une rupture de stock a fait reprendre \u00e0 la m\u00eame vitesse grand V le double du poids qu\u2019elle venait de perdre.<\/p>\n<p>Nous allons peut-\u00eatre \u00e9chapper \u00e0 ces m\u00e9dias qui se gargarisent des drames et des malheurs de notre plan\u00e8te, ils s\u2019en d\u00e9lectent et, me suis-je laiss\u00e9 dire, consigne est donn\u00e9e dans certaines salles de r\u00e9daction de faire vivre les catastrophes.<\/p>\n<p>Nous allons peut-\u00eatre \u00e9chapper \u00e0 ces enqu\u00eates et investigations qui nous informent que nous sommes en train de nous suicider \u00e0 petits feux en d\u00e9gustant la moindre petite part de flan et que nous mettons \u00e0 mal la cha\u00eene alimentaire en pi\u00e9tinant par m\u00e9garde une petite fourmi.<\/p>\n<p>Nous allons enfin nous reposer de ces politiciens au vocabulaire format\u00e9 qui regrettent que la famille politique \u00e0 laquelle ils appartiennent soit parfois inaudible dans les territoires. Moi je serai tent\u00e9 de leur rappeler que le mot famille m\u2019est cher, que je l\u2019emploie en parlant de ma vieille maman presque centenaire ou de mes petits-enfants ch\u00e9ris. Et que le territoire o\u00f9 j\u2019ai \u00e9lu domicile est une commune qui est dans un d\u00e9partement lui-m\u00eame dans une r\u00e9gion et que, ne demeurant pas \u00e0 Belfort, je n\u2019habite pas dans une r\u00e9serve d\u2019indiens non plus.<\/p>\n<p>Alors fatigu\u00e9 de tout cela parce que trop d\u2019infos tuent l\u2019info et parce que les avis plus \u00e9clair\u00e9s les uns que les autres des chercheurs et des \u00ab\u00a0sachants\u00a0\u00bb me lassent m\u00eame lorsqu\u2019ils sont interrompus par des publicit\u00e9s de parfums et de constructeurs automobiles, j\u2019ai h\u00e2te de retrouver \u00e0 la rentr\u00e9e mon hebdomadaire Actualit\u00e9 Juive dans ma bo\u00eete aux lettres, avec les sourires de cette jeunesse isra\u00e9lienne pleine d\u2019espoir, les articles de fond si enrichissants, et les petites annonces o\u00f9 il y a toujours une femme \u00e9l\u00e9gante, mince, ind\u00e9pendante financi\u00e8rement, aimant voyages, sorties, th\u00e9\u00e2tre, cuisine, bref un tremblement de charme, cherchant homme cultiv\u00e9, distingu\u00e9, \u00e2ge m\u00fbr, m\u00eames int\u00e9r\u00eats, pour projets merveilleux et plus si affinit\u00e9s. J\u2019ai tellement envie de leur souhaiter par anticipation un chaleureux mazal tov avec une lune de miel dans une location \u00e0 Deauville, Netanya ou Juan-les-Pins, proche de la synagogue bien entendu.<\/p>\n<p>Pour l\u2019heure, je souhaite \u00e0 tous les lecteurs une agr\u00e9able p\u00e9riode estivale et que cette chaleur s\u2019installe durablement dans nos c\u0153urs.<\/p>\n<p><strong>Alain Kaminski<\/strong><br \/>\nRueil-Malmaison<\/p>\n","protected":false},"excerpt":{"rendered":"<p>La p\u00e9riode estivale, pour certains tant attendue, est enfin arriv\u00e9e et gageons qu\u2019elle nous permette de nous reposer, surtout de<\/p>\n","protected":false},"author":1,"featured_media":0,"comment_status":"open","ping_status":"open","sticky":false,"template":"","format":"standard","meta":{"_mi_skip_tracking":false,"_exactmetrics_sitenote_active":false,"_exactmetrics_sitenote_note":"","_exactmetrics_sitenote_category":0,"footnotes":""},"categories":[4],"tags":[],"table_tags":[],"_links":{"self":[{"href":"https:\/\/aifonline.net\/index.php?rest_route=\/wp\/v2\/posts\/848"}],"collection":[{"href":"https:\/\/aifonline.net\/index.php?rest_route=\/wp\/v2\/posts"}],"about":[{"href":"https:\/\/aifonline.net\/index.php?rest_route=\/wp\/v2\/types\/post"}],"author":[{"embeddable":true,"href":"https:\/\/aifonline.net\/index.php?rest_route=\/wp\/v2\/users\/1"}],"replies":[{"embeddable":true,"href":"https:\/\/aifonline.net\/index.php?rest_route=%2Fwp%2Fv2%2Fcomments&post=848"}],"version-history":[{"count":1,"href":"https:\/\/aifonline.net\/index.php?rest_route=\/wp\/v2\/posts\/848\/revisions"}],"predecessor-version":[{"id":849,"href":"https:\/\/aifonline.net\/index.php?rest_route=\/wp\/v2\/posts\/848\/revisions\/849"}],"wp:attachment":[{"href":"https:\/\/aifonline.net\/index.php?rest_route=%2Fwp%2Fv2%2Fmedia&parent=848"}],"wp:term":[{"taxonomy":"category","embeddable":true,"href":"https:\/\/aifonline.net\/index.php?rest_route=%2Fwp%2Fv2%2Fcategories&post=848"},{"taxonomy":"post_tag","embeddable":true,"href":"https:\/\/aifonline.net\/index.php?rest_route=%2Fwp%2Fv2%2Ftags&post=848"},{"taxonomy":"table_tags","embeddable":true,"href":"https:\/\/aifonline.net\/index.php?rest_route=%2Fwp%2Fv2%2Ftable_tags&post=848"}],"curies":[{"name":"wp","href":"https:\/\/api.w.org\/{rel}","templated":true}]}}