{"id":868,"date":"2019-10-06T07:55:11","date_gmt":"2019-10-06T05:55:11","guid":{"rendered":"http:\/\/aifonline.net\/?p=868"},"modified":"2019-10-06T07:55:11","modified_gmt":"2019-10-06T05:55:11","slug":"deux-souvenirs-delicieux-a-propos-de-jacques-chirac","status":"publish","type":"post","link":"https:\/\/aifonline.net\/?p=868","title":{"rendered":"Deux souvenirs d\u00e9licieux \u00e0 propos de Jacques Chirac"},"content":{"rendered":"<p>Au-del\u00e0 de toute consid\u00e9ration politique, force est d\u2019admettre qu\u2019il fut parfois haut en couleurs, qu\u2019il fut un personnage, et personnellement je dirai qu\u2019il \u00e9tait d\u00e9licieux. J\u2018ai eu le bonheur de partager \u00e0 deux reprises un moment magique en sa compagnie. Dans le mitan des ann\u00e9es 90, <strong>Jacques Chirac<\/strong>, en campagne \u00e9lectorale \u00e0 Paris, d\u00e9cidait d\u2019aller \u00e0 la rencontre des pr\u00e9sidents de grandes associations juives de chaque arrondissement et de les inviter \u00e0 d\u00e9jeuner dans un restaurant de proximit\u00e9. La F\u00e9d\u00e9ration des Soci\u00e9t\u00e9s Juives de France \u00e9tait install\u00e9e \u00e0 l\u2019\u00e9poque dans le XI\u00e8me arrondissement de Paris, son pr\u00e9sident en d\u00e9placement d\u00e9l\u00e9gua son secr\u00e9taire g\u00e9n\u00e9ral et ainsi j\u2019\u00e9tais convi\u00e9 \u00e0 partager la table du maire de Paris dans un petit restaurant de la rue de la Fontaine au Roi. Il \u00e9tait accompagn\u00e9 de son collaborateur Michel Roussin, du maire du XI\u00e8me arrondissement Alain Devaquet, et tous les quatre nous ref\u00eemes le monde parisien en g\u00e9n\u00e9ral et celui du quartier en particulier. Le menu me fut impos\u00e9, terrine de je ne sais plus quoi, t\u00eate de veau sauce gribiche, fromage, vacherin et une bi\u00e8re pression qui fut suivie d\u2019une deuxi\u00e8me. <strong>Jacques Chirac<\/strong> trancha lui-m\u00eame la terrine pour moi, me servit et je restai impressionn\u00e9 par sa gentillesse, sa simplicit\u00e9 et surtout subjugu\u00e9 par son coup de fourchette. A la fin du repas, il se leva d\u2019un seul coup, ferma sa veste pendant que moi je me levai plus difficilement sans pouvoir fermer la mienne, j\u2019\u00e9tais plein comme un \u0153uf et bien content d\u2019\u00eatre raccompagn\u00e9 dans sa voiture jusqu\u2019\u00e0 la rue de la Folie-M\u00e9ricourt.<\/p>\n<p>Le deuxi\u00e8me moment fut absolument exceptionnel. <strong>Jacques Chirac<\/strong> \u00e9tait invit\u00e9 \u00e0 l\u2019\u00e9cole Sina\u00ef dans le XVIII\u00e8me arrondissement pour assister \u00e0 un petit spectacle donn\u00e9 par les enfants \u00e0 l\u2019occasion d\u2019une f\u00eate. Mon ami Jean-Pierre Pierre-Bloch, alors d\u00e9put\u00e9 de la circonscription, me convia pour cette petite f\u00eate et ne tarda pas \u00e0 me demander un grand service en me disant\u00a0:\u00a0\u00ab\u00a0Alain, je vais m\u2019asseoir derri\u00e8re <strong>Chirac<\/strong> et toi tu vas prendre ma place au premier rang \u00e0 c\u00f4t\u00e9 de lui, ne t\u2019inqui\u00e8tes pas je vais te pr\u00e9senter comme un ami de tr\u00e8s longue date\u00a0\u00bb.Je me demandais bien ce que me valait cet honneur et pourquoi cette mise en sc\u00e8ne. Jean-Pierre m\u2019expliqua discr\u00e8tement qu\u2019il \u00e9tait aussi adjoint au maire de Paris et que, ne se sentant pas en mesure de r\u00e9pondre \u00e0 certaines questions pointues sur l\u2019origine des f\u00eates juives, il ne voulait pas voir son image de marque \u00e9corn\u00e9e en passant pour un ignare vis-\u00e0-vis de <strong>Jacques Chirac<\/strong>. J\u2019ai accept\u00e9 cette mission mais j\u2019avais h\u00e2te que cela se termine de peur d\u2019\u00eatre moi-m\u00eame questionn\u00e9. Tout se passait pour le mieux quand soudain je vis \u00e0 la fin du spectacle <strong>Jacques Chirac<\/strong> se pencher vers moi et me glisser \u00e0 l\u2019oreille cette petite phrase qui m\u2019avait alors terrifi\u00e9\u00a0:\u00a0\u00abMonsieur Kaminski, puis-je vous poser une question\u00a0?\u00a0\u00bb Bien entendu monsieur le maire, lui r\u00e9pondis-je compl\u00e9tement angoiss\u00e9.\u00a0\u00ab\u00a0J\u2019ai besoin de savoir, Monsieur Kaminski, quelle est la diff\u00e9rence entre un rav, un rabbi et un rabbin\u00a0?\u00a0\u00bb D\u00e9sar\u00e7onn\u00e9 par mon jeune \u00e2ge, je compris vite qu\u2019il me fall\u00fbt trouver une pirouette pour m\u2019en sortir si bien que je lui r\u00e9pondis\u00a0: \u00ab\u00a0Monsieur le Maire, ils sont magnifiques, ils nous sont indispensables et de plus ils sont juifs tous les trois ! \u00bb. Je l\u2019ai vu \u00e0 ce moment-l\u00e0 sourire puis entendu rire, il semblait ravi de cette r\u00e9ponse et me lan\u00e7a\u00a0: \u00ab\u00a0Excellent, Kaminski, excellent\u00a0!\u00a0\u00bb Un moment m\u00e9morable en compagnie d\u2019un homme qui allait devenir quelques temps plus tard Pr\u00e9sident de la R\u00e9publique.<\/p>\n<p><strong>Alain Kaminski<\/strong><br \/>\nRueil-Malmaison<\/p>\n","protected":false},"excerpt":{"rendered":"<p>Au-del\u00e0 de toute consid\u00e9ration politique, force est d\u2019admettre qu\u2019il fut parfois haut en couleurs, qu\u2019il fut un personnage, et personnellement<\/p>\n","protected":false},"author":1,"featured_media":0,"comment_status":"open","ping_status":"open","sticky":false,"template":"","format":"standard","meta":{"_mi_skip_tracking":false,"_exactmetrics_sitenote_active":false,"_exactmetrics_sitenote_note":"","_exactmetrics_sitenote_category":0,"footnotes":""},"categories":[4],"tags":[18],"table_tags":[],"_links":{"self":[{"href":"https:\/\/aifonline.net\/index.php?rest_route=\/wp\/v2\/posts\/868"}],"collection":[{"href":"https:\/\/aifonline.net\/index.php?rest_route=\/wp\/v2\/posts"}],"about":[{"href":"https:\/\/aifonline.net\/index.php?rest_route=\/wp\/v2\/types\/post"}],"author":[{"embeddable":true,"href":"https:\/\/aifonline.net\/index.php?rest_route=\/wp\/v2\/users\/1"}],"replies":[{"embeddable":true,"href":"https:\/\/aifonline.net\/index.php?rest_route=%2Fwp%2Fv2%2Fcomments&post=868"}],"version-history":[{"count":1,"href":"https:\/\/aifonline.net\/index.php?rest_route=\/wp\/v2\/posts\/868\/revisions"}],"predecessor-version":[{"id":869,"href":"https:\/\/aifonline.net\/index.php?rest_route=\/wp\/v2\/posts\/868\/revisions\/869"}],"wp:attachment":[{"href":"https:\/\/aifonline.net\/index.php?rest_route=%2Fwp%2Fv2%2Fmedia&parent=868"}],"wp:term":[{"taxonomy":"category","embeddable":true,"href":"https:\/\/aifonline.net\/index.php?rest_route=%2Fwp%2Fv2%2Fcategories&post=868"},{"taxonomy":"post_tag","embeddable":true,"href":"https:\/\/aifonline.net\/index.php?rest_route=%2Fwp%2Fv2%2Ftags&post=868"},{"taxonomy":"table_tags","embeddable":true,"href":"https:\/\/aifonline.net\/index.php?rest_route=%2Fwp%2Fv2%2Ftable_tags&post=868"}],"curies":[{"name":"wp","href":"https:\/\/api.w.org\/{rel}","templated":true}]}}