{"id":886,"date":"2019-12-02T09:43:19","date_gmt":"2019-12-02T08:43:19","guid":{"rendered":"http:\/\/aifonline.net\/?p=886"},"modified":"2019-12-21T09:23:55","modified_gmt":"2019-12-21T08:23:55","slug":"diner-de-gala-de-mobilisation-actualite-juive-lundi-9-decembre","status":"publish","type":"post","link":"https:\/\/aifonline.net\/?p=886","title":{"rendered":"D\u00eener de Gala de mobilisation Actualit\u00e9 Juive : lundi 9 d\u00e9cembre"},"content":{"rendered":"<p><strong>AIDEZ-NOUS \u00c0 SAUVEGARDER ET \u00c9CRIRE L\u2019HISTOIRE DE LA COMMUNAUT\u00c9<\/strong><\/p>\n<p>Chers Amis<br \/>\nComme nous, vous \u00eates s\u00fbrement tous attach\u00e9s \u00e0 Actualit\u00e9 Juive Hebdo, ce journal cr\u00e9\u00e9, il a 38 ans, par un homme profond\u00e9ment concern\u00e9 par sa communaut\u00e9 et \u00e9pris d\u2019Isra\u00ebl et de justice : Serge Benattar Zal.<br \/>\nActualit\u00e9 Juive, seul organe de presse juif, officiel et ind\u00e9pendant en France est en danger malgr\u00e9 les efforts de Lydia Benattar, de ses enfants et de leur \u00e9quipe depuis 8 ans, pour que cet hebdo paraisse encore. Ce m\u00e9dia, par ailleurs fort appr\u00e9ci\u00e9, doit continuer \u00e0 \u00eatre un lien, pour nous informer, pour mieux appr\u00e9hender les enjeux de demain, pour mieux nous rassembler et nous accompagner.<br \/>\nAujourd\u2019hui, nous ; les Amis d\u2019Actualit\u00e9 Juive vous sollicitons afin que vous r\u00e9pondiez pr\u00e9sents, lors du<strong> grand Gala de mobilisation<\/strong> qui se d\u00e9roulera le <strong>lundi 9 D\u00e9cembre \u00e0 19h30 aux Salons Hoche<\/strong>.<br \/>\nVotre soutien est essentiel, indispensable, pour la r\u00e9ussite de cette mobilisation. L\u2019enjeu c\u2019est celui de la survie d\u2019une presse juive ind\u00e9pendante, garante de notre m\u00e9moire collective. Pour la premi\u00e8re fois en 38 ans, Actualit\u00e9 Juive a besoin de nous : r\u00e9pondons pr\u00e9sents et r\u00e9servons sans plus attendre nos places voire notre ou nos tables.<\/p>\n<p><strong>SOYONS TOUS ENSEMBLE AU RENDEZ-VOUS !!<br \/>\n<\/strong>Comit\u00e9 de soutien des Amis d&#8217;Actualit\u00e9 Juive<\/p>\n<p><strong><a href=\"https:\/\/aifonline.net\/wp-content\/uploads\/2019\/12\/verso.pdf\">T\u00e9l\u00e9charger le coupon de participation.<\/a><\/strong><\/p>\n","protected":false},"excerpt":{"rendered":"<p>AIDEZ-NOUS \u00c0 SAUVEGARDER ET \u00c9CRIRE L\u2019HISTOIRE DE LA COMMUNAUT\u00c9 Chers Amis Comme nous, vous \u00eates s\u00fbrement tous attach\u00e9s \u00e0 Actualit\u00e9<\/p>\n","protected":false},"author":1,"featured_media":0,"comment_status":"open","ping_status":"open","sticky":false,"template":"","format":"standard","meta":{"_mi_skip_tracking":false,"_exactmetrics_sitenote_active":false,"_exactmetrics_sitenote_note":"","_exactmetrics_sitenote_category":0,"footnotes":""},"categories":[2],"tags":[54,53],"table_tags":[],"_links":{"self":[{"href":"https:\/\/aifonline.net\/index.php?rest_route=\/wp\/v2\/posts\/886"}],"collection":[{"href":"https:\/\/aifonline.net\/index.php?rest_route=\/wp\/v2\/posts"}],"about":[{"href":"https:\/\/aifonline.net\/index.php?rest_route=\/wp\/v2\/types\/post"}],"author":[{"embeddable":true,"href":"https:\/\/aifonline.net\/index.php?rest_route=\/wp\/v2\/users\/1"}],"replies":[{"embeddable":true,"href":"https:\/\/aifonline.net\/index.php?rest_route=%2Fwp%2Fv2%2Fcomments&post=886"}],"version-history":[{"count":7,"href":"https:\/\/aifonline.net\/index.php?rest_route=\/wp\/v2\/posts\/886\/revisions"}],"predecessor-version":[{"id":895,"href":"https:\/\/aifonline.net\/index.php?rest_route=\/wp\/v2\/posts\/886\/revisions\/895"}],"wp:attachment":[{"href":"https:\/\/aifonline.net\/index.php?rest_route=%2Fwp%2Fv2%2Fmedia&parent=886"}],"wp:term":[{"taxonomy":"category","embeddable":true,"href":"https:\/\/aifonline.net\/index.php?rest_route=%2Fwp%2Fv2%2Fcategories&post=886"},{"taxonomy":"post_tag","embeddable":true,"href":"https:\/\/aifonline.net\/index.php?rest_route=%2Fwp%2Fv2%2Ftags&post=886"},{"taxonomy":"table_tags","embeddable":true,"href":"https:\/\/aifonline.net\/index.php?rest_route=%2Fwp%2Fv2%2Ftable_tags&post=886"}],"curies":[{"name":"wp","href":"https:\/\/api.w.org\/{rel}","templated":true}]}}