{"id":896,"date":"2019-12-05T17:47:55","date_gmt":"2019-12-05T16:47:55","guid":{"rendered":"http:\/\/aifonline.net\/?p=896"},"modified":"2019-12-05T17:47:55","modified_gmt":"2019-12-05T16:47:55","slug":"longue-vie-au-journal-actualite-juive","status":"publish","type":"post","link":"https:\/\/aifonline.net\/?p=896","title":{"rendered":"Longue vie au journal Actualit\u00e9 Juive"},"content":{"rendered":"<p>J\u2019apprends avec tristesse que notre hebdomadaire <strong>Actualit\u00e9 Juive<\/strong> traverse une crise, que sa sant\u00e9 semble difficile.<br \/>\nUn journal dont la vie est en danger, c\u2019est d\u2019une tristesse infinie surtout quand celui-ci pr\u00e9serve son ind\u00e9pendance \u00e0 la faveur d\u2019une neutralit\u00e9 politique, d\u2019une ligne \u00e9ditoriale respectable, quand celui-ci soutient l\u2019Etat d\u2019Isra\u00ebl \u00e0 la faveur d\u2019une v\u00e9ritable information, sauvegarde la M\u00e9moire \u00e0 la faveur de t\u00e9moignages poignants.<br \/>\nUn journal dont la vie est en danger, cela me rappelle les moments o\u00f9 je me rendais avec mon regrett\u00e9 p\u00e8re rue du Grand-Prieur\u00e9 \u00e0 Paris dans les locaux du journal yiddish Unzer Wort \u00e0 l\u2019appel de son ami Jacques Cypel pour sauver le dernier quotidien yiddish \u00e0 Paris.<br \/>\nJe vivais alors des moments o\u00f9 le rire \u00e9touffait le sordide quand Jacques Cypel lui disait, c\u2019\u00e9tait en yiddish bien entendu, \u00ab\u00a0Szlamek, il faut que Unzer Wort tienne le coup avec ses annonces sinon quand tu seras mort, personne ne sera au courant\u00a0\u00bb. En touchant mon p\u00e8re au c\u0153ur, il venait de le toucher au portefeuille en m\u00eame temps. Tous les arguments sont bons, pourquoi s\u2019en priver.<br \/>\nC\u2019est en pensant \u00e0 ces moments o\u00f9 familles et Communaut\u00e9 doivent unir leurs forces pour qu\u2019un m\u00e9dia puisse toujours les rassembler que je me dois d\u2019\u00eatre pr\u00e9sent au Gala de soutien pour <strong>Actualit\u00e9 juive<\/strong> en lui esp\u00e9rant un succ\u00e8s sans pareil. Ce gala, puissions-nous le d\u00e9dier \u00e0 une famille pour son combat pour la presse communautaire et surtout \u00e0 Serge qui nous laisse un outil avec lequel nous partageons toute l\u2019ann\u00e9e notre vie juive.<br \/>\nAussi, des moments d\u00e9licieux comme ceux que je vis chaque ann\u00e9e quand je me rends en janvier dans les locaux du journal aux Lilas pour renouveler la liste des cinquante abonnements que la <strong>Soci\u00e9t\u00e9 mutualiste Amis isra\u00e9lites de France<\/strong> offre \u00e0 ses soci\u00e9taires qui reconnaissent eux-m\u00eames attendre ce rayon de juda\u00efsme dans leur bo\u00eete aux lettres chaque semaine. Ces moments, je veux continuer de les vivre.<br \/>\nEt si chaque association juive offrait des abonnements \u00e0 ses adh\u00e9rents lors d\u2019\u00e9v\u00e8nements familiaux non pas \u00e0 la place d\u2019un cadeau mais en pr\u00e9sent compl\u00e9mentaire\u00a0? Une tradition qu\u2019il nous faudrait ancrer dans la vie associative juive, une id\u00e9e que Serge Benattar \u00e0 l\u2019\u00e9poque trouvait d\u00e9j\u00e0 s\u00e9duisante, je lui avais promis de l\u2019\u00e9voquer r\u00e9guli\u00e8rement.<br \/>\nPuisse ce Gala de soutien la faire conna\u00eetre, l\u2019initier, la p\u00e9renniser.<\/p>\n<p><strong>Alain Kaminski<\/strong><br \/>\nPr\u00e9sident des Amis isra\u00e9lites de France<\/p>\n","protected":false},"excerpt":{"rendered":"<p>J\u2019apprends avec tristesse que notre hebdomadaire Actualit\u00e9 Juive traverse une crise, que sa sant\u00e9 semble difficile. Un journal dont la<\/p>\n","protected":false},"author":1,"featured_media":0,"comment_status":"open","ping_status":"open","sticky":false,"template":"","format":"standard","meta":{"_mi_skip_tracking":false,"_exactmetrics_sitenote_active":false,"_exactmetrics_sitenote_note":"","_exactmetrics_sitenote_category":0,"footnotes":""},"categories":[4],"tags":[54,30],"table_tags":[],"_links":{"self":[{"href":"https:\/\/aifonline.net\/index.php?rest_route=\/wp\/v2\/posts\/896"}],"collection":[{"href":"https:\/\/aifonline.net\/index.php?rest_route=\/wp\/v2\/posts"}],"about":[{"href":"https:\/\/aifonline.net\/index.php?rest_route=\/wp\/v2\/types\/post"}],"author":[{"embeddable":true,"href":"https:\/\/aifonline.net\/index.php?rest_route=\/wp\/v2\/users\/1"}],"replies":[{"embeddable":true,"href":"https:\/\/aifonline.net\/index.php?rest_route=%2Fwp%2Fv2%2Fcomments&post=896"}],"version-history":[{"count":1,"href":"https:\/\/aifonline.net\/index.php?rest_route=\/wp\/v2\/posts\/896\/revisions"}],"predecessor-version":[{"id":897,"href":"https:\/\/aifonline.net\/index.php?rest_route=\/wp\/v2\/posts\/896\/revisions\/897"}],"wp:attachment":[{"href":"https:\/\/aifonline.net\/index.php?rest_route=%2Fwp%2Fv2%2Fmedia&parent=896"}],"wp:term":[{"taxonomy":"category","embeddable":true,"href":"https:\/\/aifonline.net\/index.php?rest_route=%2Fwp%2Fv2%2Fcategories&post=896"},{"taxonomy":"post_tag","embeddable":true,"href":"https:\/\/aifonline.net\/index.php?rest_route=%2Fwp%2Fv2%2Ftags&post=896"},{"taxonomy":"table_tags","embeddable":true,"href":"https:\/\/aifonline.net\/index.php?rest_route=%2Fwp%2Fv2%2Ftable_tags&post=896"}],"curies":[{"name":"wp","href":"https:\/\/api.w.org\/{rel}","templated":true}]}}