{"id":909,"date":"2019-12-21T09:15:39","date_gmt":"2019-12-21T08:15:39","guid":{"rendered":"http:\/\/aifonline.net\/?p=909"},"modified":"2019-12-21T09:15:39","modified_gmt":"2019-12-21T08:15:39","slug":"jean-luc-melenchon-le-crif-et-la-memoire-courte","status":"publish","type":"post","link":"https:\/\/aifonline.net\/?p=909","title":{"rendered":"Jean-Luc M\u00e9lenchon, le CRIF et la m\u00e9moire courte"},"content":{"rendered":"<p>Certes, nul ne pourrait affirmer aujourd\u2019hui que Jean-Luc M\u00e9lenchon est antis\u00e9mite. Et je d\u00e9fie m\u00eame quiconque de d\u00e9celer dans la s\u00e9mantique de ses propos une preuve irr\u00e9futable d\u2019antis\u00e9mitisme. L\u2019homme est bien trop intelligent et bien trop cultiv\u00e9 pour se perdre dans les m\u00e9andres d\u2019un vocabulaire naus\u00e9abond.<br \/>\nAlors comment expliquer ces nouveaux d\u00e9rapages \u00e0 l\u2019endroit du CRIF\u00a0? La r\u00e9ponse est simple et plurielle.<br \/>\nTout d\u2019abord, comme beaucoup d\u2019hommes politiques, il a besoin d\u2019une visibilit\u00e9 m\u00e9diatique constante et en cette veille de tr\u00eave des confiseurs, face \u00e0 un conflit social qui l\u2019\u00e9tiquette en deuxi\u00e8me d\u00e9marque, il faut qu\u2019il s\u2019affiche \u00e0 n\u2019importe quel prix.<br \/>\nEnsuite, les \u00e9lections municipales approchant, apr\u00e8s sa cuisante d\u00e9faite aux Europ\u00e9ennes, une nouvelle d\u00e9convenue de la France Insoumise le fragiliserait consid\u00e9rablement au sein de sa formation politique.<br \/>\nEnfin, il sait tr\u00e8s bien que sa base \u00e9lectorale se trouve dans des circonscriptions \u00e0 forte communaut\u00e9 musulmane, antis\u00e9mite et nourrie au biberon de la haine d\u2019Isra\u00ebl et des juifs en particulier, il lui faut donc caresser cet \u00e9lectorat dans le sens du poil et conforter ce fond de commerce qui seul peut lui garantir un nombre d\u2019\u00e9lus dans les communes.<br \/>\nAussi, il s\u2019y applique \u00e0 commencer par faire oublier cette posture vite enterr\u00e9e qui nous rappelle que lorsqu\u2019il \u00e9tait membre du gouvernement, il repr\u00e9senta le Premier ministre Lionel Jospin ce 16 juillet 2000 lors de la C\u00e9r\u00e9monie du Vel d\u2019Hiv. Ce jour-l\u00e0, il affirmait que le d\u00e9cret du 14 juillet 2000 \u00e9tablissant r\u00e9parations pour les orphelins dont les parents avaient \u00e9t\u00e9 d\u00e9port\u00e9s r\u00e9pondait \u00e0 une demande l\u00e9gitime du CRIF. Une reconnaissance de facto du CRIF, \u2026il semble l\u2019avoir bien oubli\u00e9e aujourd\u2019hui.<br \/>\nOn est quand m\u00eame en droit de se demander si ces d\u00e9rapages \u00e0 l\u2019endroit de notre Communaut\u00e9 juive ne seraient pas que la substantifique moelle d\u2019un homme pour un certain \u00e9lectorat qui lui sera n\u00e9cessaire pour une survie politique personnelle.<br \/>\nMais il y a danger car on peut se prendre au jeu et les exemples sont pl\u00e9thores. A force de faire les yeux doux \u00e0 ses supporters, le sourcil devient s\u00e9v\u00e8re, la moue devient d\u00e9daigneuse, il ne harangue plus, il \u00e9ructe. Ce qui arrive \u00e0 Jean-Luc M\u00e9lenchon est d\u00e9j\u00e0 arriv\u00e9 \u00e0 d\u2019autres dont on n\u2019imaginait pas le cheminement, dont on n\u2019imaginait pas qu\u2019ils fussent antis\u00e9mites, quoique, et qui le sont devenus en se transformant en porte-\u00e9tendards de la haine des juifs. De M\u00e9lenchon \u00e0 Dieudonn\u00e9, le pas est si facile \u00e0 franchir quand le public est au rendez-vous.<br \/>\nPour l\u2019heure, Jean-Luc M\u00e9lenchon semble assez malin pour \u00e9viter de s\u2019estampiller antis\u00e9mite mais dire qu\u2019il n\u2019aime pas les juifs semble une v\u00e9rit\u00e9 acquise. Et si d\u2019accuser le CRIF d\u2019avoir favoris\u00e9 la d\u00e9faite \u00e9lectorale de l\u2019antis\u00e9mite britannique Jeremy Corbyn confine au ridicule, cela nous rappelle cependant que \u00e7a ne d\u00e9range que peu de monde ici ou l\u00e0 de voir les juifs \u00eatre accus\u00e9s de tout et de n\u2019importe quoi.<br \/>\nPeut-\u00eatre viendra ce jour o\u00f9 Jean-Luc M\u00e9lenchon se regardera devant un miroir pour s\u2019apercevoir qu\u2019il est lui-m\u00eame son pire ennemi. Puisse ce jour arriver rapidement \u00e0 moins qu\u2019un jour meilleur n\u2019arrive, celui qui le verra dispara\u00eetre une fois pour toutes des \u00e9crans radars de la vie politique fran\u00e7aise.<\/p>\n<p><strong>Alain Kaminski<\/strong><br \/>\nRueil-Malmaison<\/p>\n","protected":false},"excerpt":{"rendered":"<p>Certes, nul ne pourrait affirmer aujourd\u2019hui que Jean-Luc M\u00e9lenchon est antis\u00e9mite. Et je d\u00e9fie m\u00eame quiconque de d\u00e9celer dans la<\/p>\n","protected":false},"author":1,"featured_media":0,"comment_status":"open","ping_status":"open","sticky":false,"template":"","format":"standard","meta":{"_mi_skip_tracking":false,"_exactmetrics_sitenote_active":false,"_exactmetrics_sitenote_note":"","_exactmetrics_sitenote_category":0,"footnotes":""},"categories":[4],"tags":[28,26,47,45],"table_tags":[],"_links":{"self":[{"href":"https:\/\/aifonline.net\/index.php?rest_route=\/wp\/v2\/posts\/909"}],"collection":[{"href":"https:\/\/aifonline.net\/index.php?rest_route=\/wp\/v2\/posts"}],"about":[{"href":"https:\/\/aifonline.net\/index.php?rest_route=\/wp\/v2\/types\/post"}],"author":[{"embeddable":true,"href":"https:\/\/aifonline.net\/index.php?rest_route=\/wp\/v2\/users\/1"}],"replies":[{"embeddable":true,"href":"https:\/\/aifonline.net\/index.php?rest_route=%2Fwp%2Fv2%2Fcomments&post=909"}],"version-history":[{"count":1,"href":"https:\/\/aifonline.net\/index.php?rest_route=\/wp\/v2\/posts\/909\/revisions"}],"predecessor-version":[{"id":910,"href":"https:\/\/aifonline.net\/index.php?rest_route=\/wp\/v2\/posts\/909\/revisions\/910"}],"wp:attachment":[{"href":"https:\/\/aifonline.net\/index.php?rest_route=%2Fwp%2Fv2%2Fmedia&parent=909"}],"wp:term":[{"taxonomy":"category","embeddable":true,"href":"https:\/\/aifonline.net\/index.php?rest_route=%2Fwp%2Fv2%2Fcategories&post=909"},{"taxonomy":"post_tag","embeddable":true,"href":"https:\/\/aifonline.net\/index.php?rest_route=%2Fwp%2Fv2%2Ftags&post=909"},{"taxonomy":"table_tags","embeddable":true,"href":"https:\/\/aifonline.net\/index.php?rest_route=%2Fwp%2Fv2%2Ftable_tags&post=909"}],"curies":[{"name":"wp","href":"https:\/\/api.w.org\/{rel}","templated":true}]}}