{"id":928,"date":"2019-12-26T20:07:16","date_gmt":"2019-12-26T19:07:16","guid":{"rendered":"http:\/\/aifonline.net\/?p=928"},"modified":"2019-12-26T20:07:16","modified_gmt":"2019-12-26T19:07:16","slug":"et-il-continue-encore-et-encore","status":"publish","type":"post","link":"https:\/\/aifonline.net\/?p=928","title":{"rendered":"Et il continue, encore et encore"},"content":{"rendered":"<p>Dans les colonnes de Lib\u00e9ration du 17 d\u00e9cembre 2019, Jean-Luc M\u00e9lenchon persiste et signe. Sans vergogne, il s\u2019en prend \u00e0 nouveau au pr\u00e9sident du CRIF Francis Kalifat en le traitant de manipulateur.<br \/>\nDe qui se moque-t-on\u00a0? Qui est le manipulateur ? M\u00e9lenchon s\u2019\u00e9vertue \u00e0 chercher une paille dans l\u2019\u0153il de son voisin sans voir la poutre qui est dans le sien et cette r\u00e9f\u00e9rence aux Evangiles dont je ne suis certes gu\u00e8re coutumier m\u2019autorise \u00e0 penser qu\u2019en mati\u00e8re de manipulation le leader de la France insoumise m\u00e9rite le titre de meilleur ouvrier de France.<br \/>\nManipulateur \u00e9toil\u00e9, il n\u2019h\u00e9site plus \u00e0 alimenter son fond de commerce \u00e9lectoral sur la haine d\u2019Isra\u00ebl, sur une th\u00e9orie du complot et sur une existence de milices du CRIF qui seraient charg\u00e9es d\u2019exfiltrer des personnes ind\u00e9sirables lors de certaines manifestations comme celle \u00e0 la m\u00e9moire de Mireille Knoll.<br \/>\nFrancis Kalifat aurait au cours de cette manifestation \u00ab\u00a0l\u00e2ch\u00e9 sa milice\u00a0\u00bb sur les \u00e9lus de la France insoumise, s\u2019insurge-t-il, dans ces m\u00eames colonnes.<br \/>\nDans la dialectique de nos jeunes d\u2019aujourd\u2019hui, on appelle cela du grand n\u2019importe quoi.<br \/>\nJean-Luc M\u00e9lenchon, r\u00e9put\u00e9 lettr\u00e9, en a m\u00eame perdu son latin pour user du mot milice. Une honte, un irrespect total pour nos coreligionnaires, \u00e2g\u00e9s aujourd\u2019hui, qui ont vraiment connu des milices lesquelles les ont vraiment exfiltr\u00e9s non pas d\u2019une manifestation mais du monde des humains.<br \/>\nCracher son venin sur le CRIF en le qualifiant de secte ne lui suffisait plus, il lui fallait d\u00e9sormais l\u2019attaque ad hominem.<br \/>\nMais en constatant le naufrage intellectuel du d\u00e9put\u00e9 des Bouches-du-Rh\u00f4ne, Francis Kalifat a clairement d\u00e9montr\u00e9 que l\u2019id\u00e9ologie doriotiste avait droit de citer au sein de la France insoumise, cette formation politique qui, dans un autre registre, reste la seule \u00e0 ne pas s\u2019\u00eatre offusqu\u00e9e \u00e0 l\u2019annonce de la \u00ab\u00a0cl\u00f4ture judiciaire \u00bb du meurtre de Sarah Halimi.<br \/>\nDans ces m\u00eames colonnes, l\u2019\u00e9lu ose dire que tout le monde sait qu\u2019il a de nombreuses raisons de ne pas \u00eatre antis\u00e9mite. C\u2019est qui tout le monde\u00a0? Et de s\u2019en justifier pose d\u00e9j\u00e0 probl\u00e8me et puis, apr\u00e8s tout, qu\u2019il nous les liste toutes ces raisons et on jugera sur pi\u00e8ces.<br \/>\nEn attendant, tout cela me rappelle ce juste \u00ab\u00a0point de vue\u00a0\u00bb que me livra Roger Cukierman lors d\u2019un d\u00eener annuel du CRIF et que je prenais pour une gal\u00e9jade\u00a0: Un antis\u00e9mite c\u2019est quelqu\u2019un qui n\u2019aime pas les juifs, plus que n\u00e9cessaire.<br \/>\nCette v\u00e9rit\u00e9 semble plus que jamais d\u2019actualit\u00e9.<\/p>\n<p><strong>Alain Kaminski<\/strong><br \/>\nRueil-Malmaison<\/p>\n","protected":false},"excerpt":{"rendered":"<p>Dans les colonnes de Lib\u00e9ration du 17 d\u00e9cembre 2019, Jean-Luc M\u00e9lenchon persiste et signe. Sans vergogne, il s\u2019en prend \u00e0<\/p>\n","protected":false},"author":1,"featured_media":0,"comment_status":"open","ping_status":"open","sticky":false,"template":"","format":"standard","meta":{"_mi_skip_tracking":false,"_exactmetrics_sitenote_active":false,"_exactmetrics_sitenote_note":"","_exactmetrics_sitenote_category":0,"footnotes":""},"categories":[4],"tags":[28,26,57,45],"table_tags":[],"_links":{"self":[{"href":"https:\/\/aifonline.net\/index.php?rest_route=\/wp\/v2\/posts\/928"}],"collection":[{"href":"https:\/\/aifonline.net\/index.php?rest_route=\/wp\/v2\/posts"}],"about":[{"href":"https:\/\/aifonline.net\/index.php?rest_route=\/wp\/v2\/types\/post"}],"author":[{"embeddable":true,"href":"https:\/\/aifonline.net\/index.php?rest_route=\/wp\/v2\/users\/1"}],"replies":[{"embeddable":true,"href":"https:\/\/aifonline.net\/index.php?rest_route=%2Fwp%2Fv2%2Fcomments&post=928"}],"version-history":[{"count":1,"href":"https:\/\/aifonline.net\/index.php?rest_route=\/wp\/v2\/posts\/928\/revisions"}],"predecessor-version":[{"id":929,"href":"https:\/\/aifonline.net\/index.php?rest_route=\/wp\/v2\/posts\/928\/revisions\/929"}],"wp:attachment":[{"href":"https:\/\/aifonline.net\/index.php?rest_route=%2Fwp%2Fv2%2Fmedia&parent=928"}],"wp:term":[{"taxonomy":"category","embeddable":true,"href":"https:\/\/aifonline.net\/index.php?rest_route=%2Fwp%2Fv2%2Fcategories&post=928"},{"taxonomy":"post_tag","embeddable":true,"href":"https:\/\/aifonline.net\/index.php?rest_route=%2Fwp%2Fv2%2Ftags&post=928"},{"taxonomy":"table_tags","embeddable":true,"href":"https:\/\/aifonline.net\/index.php?rest_route=%2Fwp%2Fv2%2Ftable_tags&post=928"}],"curies":[{"name":"wp","href":"https:\/\/api.w.org\/{rel}","templated":true}]}}